{"id":951,"date":"2023-06-05T17:25:40","date_gmt":"2023-06-05T17:25:40","guid":{"rendered":"https:\/\/ieselaios.catedu.es\/oriacademica\/?p=951"},"modified":"2023-10-24T07:44:55","modified_gmt":"2023-10-24T07:44:55","slug":"admision-a-formacion-profesional-curso-23-24","status":"publish","type":"post","link":"https:\/\/ieselaios.catedu.es\/oriacademica\/2023\/06\/05\/admision-a-formacion-profesional-curso-23-24\/","title":{"rendered":"ADMISI\u00d3N A FORMACI\u00d3N PROFESIONAL CURSO 23-24"},"content":{"rendered":"\n<p>Con fecha 27 de ABRIL de 2023  el Gobierno de Arag\u00f3n ha publicado en el BOA la ORDEN ECD\/505\/2023, de 17 de abril, por la que se convoca el <strong>procedimiento de admisi\u00f3n<\/strong> en centros docentes sostenidos con fondos p\u00fablicos en las <strong>ense\u00f1anzas de Formaci\u00f3n Profesional en la Comunidad Aut\u00f3noma de Arag\u00f3n<\/strong> para el curso escolar 2022\/2023.<\/p>\n\n\n\n<p>&nbsp;<strong> El plazo de presentaci\u00f3n de solicitudes es del 28 de junio al 3 de julio. S\u00f3lo podr\u00e1n presentarse de forma telem\u00e1tica<\/strong><\/p>\n\n\n\n<p>La informaci\u00f3n sobre el proceso de admisi\u00f3n puede consultarse en el siguiente enlace:<a href=\"https:\/\/educa.aragon.es\/-\/admisionfpfp\"> ADMISI\u00d3N FP<\/a><\/p>\n\n\n\n<p><\/p>\n\n\n","protected":false},"excerpt":{"rendered":"<p>Con fecha 27 de ABRIL de 2023 el Gobierno de Arag\u00f3n ha publicado en el BOA la ORDEN ECD\/505\/2023, de 17 de abril, por la que se convoca el procedimiento de admisi\u00f3n en centros docentes sostenidos con fondos p\u00fablicos en las ense\u00f1anzas de Formaci\u00f3n Profesional en la Comunidad Aut\u00f3noma de Arag\u00f3n para el curso escolar [&hellip;]<\/p>\n","protected":false},"author":41,"featured_media":0,"comment_status":"closed","ping_status":"closed","sticky":false,"template":"","format":"standard","meta":{"footnotes":""},"categories":[1],"tags":[],"class_list":["post-951","post","type-post","status-publish","format-standard","hentry","category-sin-categoria"],"_links":{"self":[{"href":"https:\/\/ieselaios.catedu.es\/oriacademica\/wp-json\/wp\/v2\/posts\/951","targetHints":{"allow":["GET"]}}],"collection":[{"href":"https:\/\/ieselaios.catedu.es\/oriacademica\/wp-json\/wp\/v2\/posts"}],"about":[{"href":"https:\/\/ieselaios.catedu.es\/oriacademica\/wp-json\/wp\/v2\/types\/post"}],"author":[{"embeddable":true,"href":"https:\/\/ieselaios.catedu.es\/oriacademica\/wp-json\/wp\/v2\/users\/41"}],"replies":[{"embeddable":true,"href":"https:\/\/ieselaios.catedu.es\/oriacademica\/wp-json\/wp\/v2\/comments?post=951"}],"version-history":[{"count":2,"href":"https:\/\/ieselaios.catedu.es\/oriacademica\/wp-json\/wp\/v2\/posts\/951\/revisions"}],"predecessor-version":[{"id":956,"href":"https:\/\/ieselaios.catedu.es\/oriacademica\/wp-json\/wp\/v2\/posts\/951\/revisions\/956"}],"wp:attachment":[{"href":"https:\/\/ieselaios.catedu.es\/oriacademica\/wp-json\/wp\/v2\/media?parent=951"}],"wp:term":[{"taxonomy":"category","embeddable":true,"href":"https:\/\/ieselaios.catedu.es\/oriacademica\/wp-json\/wp\/v2\/categories?post=951"},{"taxonomy":"post_tag","embeddable":true,"href":"https:\/\/ieselaios.catedu.es\/oriacademica\/wp-json\/wp\/v2\/tags?post=951"}],"curies":[{"name":"wp","href":"https:\/\/api.w.org\/{rel}","templated":true}]}}