{"id":813,"date":"2022-04-22T07:56:56","date_gmt":"2022-04-22T07:56:56","guid":{"rendered":"http:\/\/ieselaios.catedu.es\/oriacademica\/?p=813"},"modified":"2022-04-22T07:56:56","modified_gmt":"2022-04-22T07:56:56","slug":"uniferia-grados-universitarios","status":"publish","type":"post","link":"https:\/\/ieselaios.catedu.es\/oriacademica\/2022\/04\/22\/uniferia-grados-universitarios\/","title":{"rendered":"UNIFERIA GRADOS UNIVERSITARIOS"},"content":{"rendered":"\n<p>UNIferia Grados ofrece de forma personalizada al estudiantado, a trav\u00e9s de la&nbsp;<strong>plataforma virtual<\/strong>&nbsp;&nbsp;<a href=\"https:\/\/grado.uniferia.org\/\" target=\"_blank\" rel=\"noreferrer noopener\">https:\/\/grado.uniferia.org\/&nbsp;<\/a>toda la informaci\u00f3n necesaria y relevante sobre las titulaciones ofertadas&nbsp;<strong>por 45 universidades:<\/strong>&nbsp;sistemas de acceso, itinerarios formativos, planes de estudios, posibilidades de internacionalizaci\u00f3n o programas de becas y ayudas.<\/p>\n\n\n\n<p>Con un formato 2D,&nbsp;<strong>accesible y adaptado a los dispositivos m\u00f3viles<\/strong>&nbsp;(<em>responsive<\/em>), este sal\u00f3n permite a los usuarios&nbsp;<strong>interactuar por videoconferencia<\/strong>&nbsp;con los diferentes servicios de informaci\u00f3n y orientaci\u00f3n de las universidades participantes. Sin moverse de casa y sin emplear un solo papel.<\/p>\n\n\n\n<p>Esta feria cuenta con un pabell\u00f3n virtual en el que se sit\u00faa&nbsp;<strong>un punto de informaci\u00f3n principal<\/strong>. En este espacio hay un buscador para localizar t\u00edtulos por ramas de conocimiento, \u00e1mbito geogr\u00e1fico, nota de corte o servicios.<\/p>\n\n\n\n<p>Adem\u00e1s, el pabell\u00f3n est\u00e1 compuesto por los estands de las universidades y todos ellos cuentan&nbsp;<strong>blog, chat, correo electr\u00f3nico, v\u00eddeos<\/strong>, oferta acad\u00e9mica y enlaces a sus correspondientes p\u00e1ginas web.<\/p>\n\n\n\n<p>El Centro de Informaci\u00f3n Universitaria de la Universidad de Zaragoza atender\u00e1 por los distintos canales al futuro estudiantado universitario.<\/p>\n","protected":false},"excerpt":{"rendered":"<p>UNIferia Grados ofrece de forma personalizada al estudiantado, a trav\u00e9s de la&nbsp;plataforma virtual&nbsp;&nbsp;https:\/\/grado.uniferia.org\/&nbsp;toda la informaci\u00f3n necesaria y relevante sobre las titulaciones ofertadas&nbsp;por 45 universidades:&nbsp;sistemas de acceso, itinerarios formativos, planes de estudios, posibilidades de internacionalizaci\u00f3n o programas de becas y ayudas. Con un formato 2D,&nbsp;accesible y adaptado a los dispositivos m\u00f3viles&nbsp;(responsive), este sal\u00f3n permite a los [&hellip;]<\/p>\n","protected":false},"author":41,"featured_media":0,"comment_status":"closed","ping_status":"closed","sticky":false,"template":"","format":"standard","meta":{"footnotes":""},"categories":[1],"tags":[],"class_list":["post-813","post","type-post","status-publish","format-standard","hentry","category-sin-categoria"],"_links":{"self":[{"href":"https:\/\/ieselaios.catedu.es\/oriacademica\/wp-json\/wp\/v2\/posts\/813","targetHints":{"allow":["GET"]}}],"collection":[{"href":"https:\/\/ieselaios.catedu.es\/oriacademica\/wp-json\/wp\/v2\/posts"}],"about":[{"href":"https:\/\/ieselaios.catedu.es\/oriacademica\/wp-json\/wp\/v2\/types\/post"}],"author":[{"embeddable":true,"href":"https:\/\/ieselaios.catedu.es\/oriacademica\/wp-json\/wp\/v2\/users\/41"}],"replies":[{"embeddable":true,"href":"https:\/\/ieselaios.catedu.es\/oriacademica\/wp-json\/wp\/v2\/comments?post=813"}],"version-history":[{"count":1,"href":"https:\/\/ieselaios.catedu.es\/oriacademica\/wp-json\/wp\/v2\/posts\/813\/revisions"}],"predecessor-version":[{"id":814,"href":"https:\/\/ieselaios.catedu.es\/oriacademica\/wp-json\/wp\/v2\/posts\/813\/revisions\/814"}],"wp:attachment":[{"href":"https:\/\/ieselaios.catedu.es\/oriacademica\/wp-json\/wp\/v2\/media?parent=813"}],"wp:term":[{"taxonomy":"category","embeddable":true,"href":"https:\/\/ieselaios.catedu.es\/oriacademica\/wp-json\/wp\/v2\/categories?post=813"},{"taxonomy":"post_tag","embeddable":true,"href":"https:\/\/ieselaios.catedu.es\/oriacademica\/wp-json\/wp\/v2\/tags?post=813"}],"curies":[{"name":"wp","href":"https:\/\/api.w.org\/{rel}","templated":true}]}}