{"id":439,"date":"2018-06-24T09:26:39","date_gmt":"2018-06-24T09:26:39","guid":{"rendered":"http:\/\/ieselaios.catedu.es\/oriacademica\/?p=439"},"modified":"2020-11-15T16:57:32","modified_gmt":"2020-11-15T16:57:32","slug":"calendario-de-admision-diversas-ensenanzas-aragon-18-19","status":"publish","type":"post","link":"https:\/\/ieselaios.catedu.es\/oriacademica\/2018\/06\/24\/calendario-de-admision-diversas-ensenanzas-aragon-18-19\/","title":{"rendered":"CALENDARIO DE ADMISI\u00d3N DIVERSAS ENSE\u00d1ANZAS ARAG\u00d3N 18-19"},"content":{"rendered":"<p>Calendario de admisi\u00f3n en Arag\u00f3n para el curso 18-19 en las siguientes ense\u00f1anzas: Bachillerato,\u00a0 Universidad, Formaci\u00f3n Profesional, Curso de Preparaci\u00f3n a la prueba de acceso de FP, Ense\u00f1anzas Art\u00edsticas, Ense\u00f1anzas de M\u00fasica y Danza, Ense\u00f1anzas de Idiomas y Ense\u00f1anzas Deportivas.<\/p>\n<table style=\"height: 5px;background-color: #a7a4bd\" width=\"850\">\n<tbody>\n<tr>\n<td style=\"width: 843.819px;text-align: center\"><a href=\"https:\/\/orienta.ibercaja.es\/Portals\/0\/99949-Calendario-Admision-Aragon.pdf\"><strong>CONSULTA AQU\u00cd EL CALENDARIO DE ADMISI\u00d3N<\/strong><\/a><\/td>\n<\/tr>\n<\/tbody>\n<\/table>\n","protected":false},"excerpt":{"rendered":"<p>Calendario de admisi\u00f3n en Arag\u00f3n para el curso 18-19 en las siguientes ense\u00f1anzas: Bachillerato,\u00a0 Universidad, Formaci\u00f3n Profesional, Curso de Preparaci\u00f3n a la prueba de acceso de FP, Ense\u00f1anzas Art\u00edsticas, Ense\u00f1anzas de M\u00fasica y Danza, Ense\u00f1anzas de Idiomas y Ense\u00f1anzas Deportivas. CONSULTA AQU\u00cd EL CALENDARIO DE ADMISI\u00d3N<\/p>\n","protected":false},"author":41,"featured_media":0,"comment_status":"closed","ping_status":"closed","sticky":false,"template":"","format":"standard","meta":{"footnotes":""},"categories":[1],"tags":[],"class_list":["post-439","post","type-post","status-publish","format-standard","hentry","category-sin-categoria"],"_links":{"self":[{"href":"https:\/\/ieselaios.catedu.es\/oriacademica\/wp-json\/wp\/v2\/posts\/439","targetHints":{"allow":["GET"]}}],"collection":[{"href":"https:\/\/ieselaios.catedu.es\/oriacademica\/wp-json\/wp\/v2\/posts"}],"about":[{"href":"https:\/\/ieselaios.catedu.es\/oriacademica\/wp-json\/wp\/v2\/types\/post"}],"author":[{"embeddable":true,"href":"https:\/\/ieselaios.catedu.es\/oriacademica\/wp-json\/wp\/v2\/users\/41"}],"replies":[{"embeddable":true,"href":"https:\/\/ieselaios.catedu.es\/oriacademica\/wp-json\/wp\/v2\/comments?post=439"}],"version-history":[{"count":3,"href":"https:\/\/ieselaios.catedu.es\/oriacademica\/wp-json\/wp\/v2\/posts\/439\/revisions"}],"predecessor-version":[{"id":445,"href":"https:\/\/ieselaios.catedu.es\/oriacademica\/wp-json\/wp\/v2\/posts\/439\/revisions\/445"}],"wp:attachment":[{"href":"https:\/\/ieselaios.catedu.es\/oriacademica\/wp-json\/wp\/v2\/media?parent=439"}],"wp:term":[{"taxonomy":"category","embeddable":true,"href":"https:\/\/ieselaios.catedu.es\/oriacademica\/wp-json\/wp\/v2\/categories?post=439"},{"taxonomy":"post_tag","embeddable":true,"href":"https:\/\/ieselaios.catedu.es\/oriacademica\/wp-json\/wp\/v2\/tags?post=439"}],"curies":[{"name":"wp","href":"https:\/\/api.w.org\/{rel}","templated":true}]}}