{"id":407,"date":"2018-02-19T12:16:42","date_gmt":"2018-02-19T12:16:42","guid":{"rendered":"http:\/\/ieselaios.catedu.es\/oriacademica\/?p=407"},"modified":"2020-11-15T16:57:52","modified_gmt":"2020-11-15T16:57:52","slug":"preguntas-frecuentes-sobre-la-evau","status":"publish","type":"post","link":"https:\/\/ieselaios.catedu.es\/oriacademica\/2018\/02\/19\/preguntas-frecuentes-sobre-la-evau\/","title":{"rendered":"PREGUNTAS FRECUENTES SOBRE LA EVAU"},"content":{"rendered":"<p>El Departamento de Educaci\u00f3n del Gobierno de Arag\u00f3n, a trav\u00e9s de la\u00a0Direcci\u00f3n General de Planificaci\u00f3n y Formaci\u00f3n Profesional, ha hecho p\u00fablico un documento orientativo en el que se recogen las preguntas m\u00e1s frecuentes sobre la EVAU para el presente curso 2017-2018, incluyendo espec\u00edficamente las novedades previstas. Para descargarla, pulsa en el siguiente enlace:<\/p>\n<p style=\"text-align: center\"><a href=\"https:\/\/drive.google.com\/open?id=1seNIo8YGDTSnedIYz0__yULicoqfTdII\">GU\u00cdA ORIENTATIVA SOBRE LA EVAU PARA EL CURSO 2017-2018. PREGUNTAS M\u00c1S FRECUENTES.<\/a><\/p>\n","protected":false},"excerpt":{"rendered":"<p>El Departamento de Educaci\u00f3n del Gobierno de Arag\u00f3n, a trav\u00e9s de la\u00a0Direcci\u00f3n General de Planificaci\u00f3n y Formaci\u00f3n Profesional, ha hecho p\u00fablico un documento orientativo en el que se recogen las preguntas m\u00e1s frecuentes sobre la EVAU para el presente curso 2017-2018, incluyendo espec\u00edficamente las novedades previstas. Para descargarla, pulsa en el siguiente enlace: GU\u00cdA ORIENTATIVA [&hellip;]<\/p>\n","protected":false},"author":41,"featured_media":0,"comment_status":"closed","ping_status":"closed","sticky":false,"template":"","format":"standard","meta":{"footnotes":""},"categories":[1],"tags":[],"class_list":["post-407","post","type-post","status-publish","format-standard","hentry","category-sin-categoria"],"_links":{"self":[{"href":"https:\/\/ieselaios.catedu.es\/oriacademica\/wp-json\/wp\/v2\/posts\/407","targetHints":{"allow":["GET"]}}],"collection":[{"href":"https:\/\/ieselaios.catedu.es\/oriacademica\/wp-json\/wp\/v2\/posts"}],"about":[{"href":"https:\/\/ieselaios.catedu.es\/oriacademica\/wp-json\/wp\/v2\/types\/post"}],"author":[{"embeddable":true,"href":"https:\/\/ieselaios.catedu.es\/oriacademica\/wp-json\/wp\/v2\/users\/41"}],"replies":[{"embeddable":true,"href":"https:\/\/ieselaios.catedu.es\/oriacademica\/wp-json\/wp\/v2\/comments?post=407"}],"version-history":[{"count":1,"href":"https:\/\/ieselaios.catedu.es\/oriacademica\/wp-json\/wp\/v2\/posts\/407\/revisions"}],"predecessor-version":[{"id":408,"href":"https:\/\/ieselaios.catedu.es\/oriacademica\/wp-json\/wp\/v2\/posts\/407\/revisions\/408"}],"wp:attachment":[{"href":"https:\/\/ieselaios.catedu.es\/oriacademica\/wp-json\/wp\/v2\/media?parent=407"}],"wp:term":[{"taxonomy":"category","embeddable":true,"href":"https:\/\/ieselaios.catedu.es\/oriacademica\/wp-json\/wp\/v2\/categories?post=407"},{"taxonomy":"post_tag","embeddable":true,"href":"https:\/\/ieselaios.catedu.es\/oriacademica\/wp-json\/wp\/v2\/tags?post=407"}],"curies":[{"name":"wp","href":"https:\/\/api.w.org\/{rel}","templated":true}]}}