{"id":584,"date":"2019-02-02T19:59:22","date_gmt":"2019-02-02T17:59:22","guid":{"rendered":"http:\/\/ieselaios.catedu.es\/musica\/?p=584"},"modified":"2019-02-03T21:07:33","modified_gmt":"2019-02-03T19:07:33","slug":"21-de-diciembre-de-2018-jornada-de-navidad","status":"publish","type":"post","link":"https:\/\/ieselaios.catedu.es\/musica\/actividades\/21-de-diciembre-de-2018-jornada-de-navidad\/","title":{"rendered":"21 de diciembre de 2018, jornada de Navidad"},"content":{"rendered":"<p><img loading=\"lazy\" decoding=\"async\" class=\" wp-image-587 alignright\" src=\"http:\/\/ieselaios.catedu.es\/musica\/wp-content\/uploads\/sites\/15\/2019\/02\/vlcsnap-2019-02-02-18h50m58s618-300x169.png\" alt=\"\" width=\"387\" height=\"218\" srcset=\"https:\/\/ieselaios.catedu.es\/musica\/wp-content\/uploads\/sites\/15\/2019\/02\/vlcsnap-2019-02-02-18h50m58s618-300x169.png 300w, https:\/\/ieselaios.catedu.es\/musica\/wp-content\/uploads\/sites\/15\/2019\/02\/vlcsnap-2019-02-02-18h50m58s618-768x432.png 768w, https:\/\/ieselaios.catedu.es\/musica\/wp-content\/uploads\/sites\/15\/2019\/02\/vlcsnap-2019-02-02-18h50m58s618-1024x576.png 1024w, https:\/\/ieselaios.catedu.es\/musica\/wp-content\/uploads\/sites\/15\/2019\/02\/vlcsnap-2019-02-02-18h50m58s618.png 1920w\" sizes=\"auto, (max-width: 387px) 100vw, 387px\" \/>El viernes 21 de diciembre se celebr\u00f3 en el instituto la jornada cultural de navidad en la que actuaron los alumnos de 1\u00ba cantando dos canciones de navidad, una en ingl\u00e9s \u00abMerry christmas everyone\u00bb y otra en franc\u00e9s \u00abMon bon sapin\u00bb, los alumnos de 1\u00ba D con su profesora Amaia interpretaron la canci\u00f3n YMCA, los alumnos de Artes Esc\u00e9nicas pusieron en escena la obra \u00abUn grito en la oscuridad\u00bb sobre violencia de g\u00e9nero, y el coro interpret\u00f3 la canci\u00f3n \u00abThis is me\u00bb.<\/p>\n<p><img loading=\"lazy\" decoding=\"async\" class=\" wp-image-585 aligncenter\" src=\"http:\/\/ieselaios.catedu.es\/musica\/wp-content\/uploads\/sites\/15\/2019\/02\/vlcsnap-2019-02-02-18h46m15s071-300x169.png\" alt=\"\" width=\"350\" height=\"197\" srcset=\"https:\/\/ieselaios.catedu.es\/musica\/wp-content\/uploads\/sites\/15\/2019\/02\/vlcsnap-2019-02-02-18h46m15s071-300x169.png 300w, https:\/\/ieselaios.catedu.es\/musica\/wp-content\/uploads\/sites\/15\/2019\/02\/vlcsnap-2019-02-02-18h46m15s071-768x432.png 768w, https:\/\/ieselaios.catedu.es\/musica\/wp-content\/uploads\/sites\/15\/2019\/02\/vlcsnap-2019-02-02-18h46m15s071-1024x576.png 1024w, https:\/\/ieselaios.catedu.es\/musica\/wp-content\/uploads\/sites\/15\/2019\/02\/vlcsnap-2019-02-02-18h46m15s071.png 1920w\" sizes=\"auto, (max-width: 350px) 100vw, 350px\" \/><\/p>\n<p><img loading=\"lazy\" decoding=\"async\" class=\"size-medium wp-image-586 aligncenter\" src=\"http:\/\/ieselaios.catedu.es\/musica\/wp-content\/uploads\/sites\/15\/2019\/02\/IMG-20181222-WA0000-300x225.jpg\" alt=\"\" width=\"300\" height=\"225\" srcset=\"https:\/\/ieselaios.catedu.es\/musica\/wp-content\/uploads\/sites\/15\/2019\/02\/IMG-20181222-WA0000-300x225.jpg 300w, https:\/\/ieselaios.catedu.es\/musica\/wp-content\/uploads\/sites\/15\/2019\/02\/IMG-20181222-WA0000-768x576.jpg 768w, https:\/\/ieselaios.catedu.es\/musica\/wp-content\/uploads\/sites\/15\/2019\/02\/IMG-20181222-WA0000-1024x768.jpg 1024w, https:\/\/ieselaios.catedu.es\/musica\/wp-content\/uploads\/sites\/15\/2019\/02\/IMG-20181222-WA0000.jpg 1600w\" sizes=\"auto, (max-width: 300px) 100vw, 300px\" \/><\/p>\n<p>&nbsp;<\/p>\n","protected":false},"excerpt":{"rendered":"<p>El viernes 21 de diciembre se celebr\u00f3 en el instituto la jornada cultural de navidad en la que actuaron los alumnos de 1\u00ba cantando dos canciones de navidad, una en ingl\u00e9s \u00abMerry christmas everyone\u00bb y otra en franc\u00e9s \u00abMon bon sapin\u00bb, los alumnos de 1\u00ba D con su profesora Amaia interpretaron la canci\u00f3n YMCA, los [&hellip;]<\/p>\n","protected":false},"author":44,"featured_media":0,"comment_status":"open","ping_status":"open","sticky":false,"template":"","format":"standard","meta":{"footnotes":""},"categories":[5,10,9,15],"tags":[],"class_list":["post-584","post","type-post","status-publish","format-standard","hentry","category-actividades","category-artes-escenicas","category-coro","category-curso-18-19"],"_links":{"self":[{"href":"https:\/\/ieselaios.catedu.es\/musica\/wp-json\/wp\/v2\/posts\/584","targetHints":{"allow":["GET"]}}],"collection":[{"href":"https:\/\/ieselaios.catedu.es\/musica\/wp-json\/wp\/v2\/posts"}],"about":[{"href":"https:\/\/ieselaios.catedu.es\/musica\/wp-json\/wp\/v2\/types\/post"}],"author":[{"embeddable":true,"href":"https:\/\/ieselaios.catedu.es\/musica\/wp-json\/wp\/v2\/users\/44"}],"replies":[{"embeddable":true,"href":"https:\/\/ieselaios.catedu.es\/musica\/wp-json\/wp\/v2\/comments?post=584"}],"version-history":[{"count":5,"href":"https:\/\/ieselaios.catedu.es\/musica\/wp-json\/wp\/v2\/posts\/584\/revisions"}],"predecessor-version":[{"id":593,"href":"https:\/\/ieselaios.catedu.es\/musica\/wp-json\/wp\/v2\/posts\/584\/revisions\/593"}],"wp:attachment":[{"href":"https:\/\/ieselaios.catedu.es\/musica\/wp-json\/wp\/v2\/media?parent=584"}],"wp:term":[{"taxonomy":"category","embeddable":true,"href":"https:\/\/ieselaios.catedu.es\/musica\/wp-json\/wp\/v2\/categories?post=584"},{"taxonomy":"post_tag","embeddable":true,"href":"https:\/\/ieselaios.catedu.es\/musica\/wp-json\/wp\/v2\/tags?post=584"}],"curies":[{"name":"wp","href":"https:\/\/api.w.org\/{rel}","templated":true}]}}