{"id":416,"date":"2018-01-21T14:01:39","date_gmt":"2018-01-21T12:01:39","guid":{"rendered":"http:\/\/ieselaios.catedu.es\/musica\/?p=416"},"modified":"2018-02-21T22:27:02","modified_gmt":"2018-02-21T20:27:02","slug":"repasamos-contenidos-sobre-musica-medieval-recreando-una-danza-cortesana","status":"publish","type":"post","link":"https:\/\/ieselaios.catedu.es\/musica\/actividades\/repasamos-contenidos-sobre-musica-medieval-recreando-una-danza-cortesana\/","title":{"rendered":"Repasamos contenidos sobre m\u00fasica medieval recreando una danza cortesana"},"content":{"rendered":"<p>Los alumnos de 3\u00ba han aprendido a bailar una danza medieval cortesana, la Quinta Estampie Real, con la que hemos repasado contenidos trabajados el trimestre anterior sobre la vida y la m\u00fasica medieval: usos de la m\u00fasica, textura, instrumentos, escalas, forma&#8230;, adem\u00e1s de disfrutar del hecho musical en s\u00ed y del movimiento en conjunto para recrear las diferentes figuras coreogr\u00e1ficas, en lo que ha resultado ser una completa y divertida actividad musical en grupo.<\/p>\n<p><img loading=\"lazy\" decoding=\"async\" class=\"alignnone wp-image-417 aligncenter\" src=\"http:\/\/ieselaios.catedu.es\/musica\/wp-content\/uploads\/sites\/15\/2018\/01\/Screenshot_20180117-222655_opt-300x169.png\" alt=\"\" width=\"562\" height=\"317\" srcset=\"https:\/\/ieselaios.catedu.es\/musica\/wp-content\/uploads\/sites\/15\/2018\/01\/Screenshot_20180117-222655_opt-300x169.png 300w, https:\/\/ieselaios.catedu.es\/musica\/wp-content\/uploads\/sites\/15\/2018\/01\/Screenshot_20180117-222655_opt.png 400w\" sizes=\"auto, (max-width: 562px) 100vw, 562px\" \/><\/p>\n<p>&nbsp;<\/p>\n<p>Pod\u00e9is ver los v\u00eddeos en el Blog de Raquel.<\/p>\n","protected":false},"excerpt":{"rendered":"<p>Los alumnos de 3\u00ba han aprendido a bailar una danza medieval cortesana, la Quinta Estampie Real, con la que hemos repasado contenidos trabajados el trimestre anterior sobre la vida y la m\u00fasica medieval: usos de la m\u00fasica, textura, instrumentos, escalas, forma&#8230;, adem\u00e1s de disfrutar del hecho musical en s\u00ed y del movimiento en conjunto para [&hellip;]<\/p>\n","protected":false},"author":44,"featured_media":0,"comment_status":"open","ping_status":"open","sticky":false,"template":"","format":"standard","meta":{"footnotes":""},"categories":[5,12,8,7],"tags":[],"class_list":["post-416","post","type-post","status-publish","format-standard","hentry","category-actividades","category-curso-17-18","category-fotos","category-videos"],"_links":{"self":[{"href":"https:\/\/ieselaios.catedu.es\/musica\/wp-json\/wp\/v2\/posts\/416","targetHints":{"allow":["GET"]}}],"collection":[{"href":"https:\/\/ieselaios.catedu.es\/musica\/wp-json\/wp\/v2\/posts"}],"about":[{"href":"https:\/\/ieselaios.catedu.es\/musica\/wp-json\/wp\/v2\/types\/post"}],"author":[{"embeddable":true,"href":"https:\/\/ieselaios.catedu.es\/musica\/wp-json\/wp\/v2\/users\/44"}],"replies":[{"embeddable":true,"href":"https:\/\/ieselaios.catedu.es\/musica\/wp-json\/wp\/v2\/comments?post=416"}],"version-history":[{"count":2,"href":"https:\/\/ieselaios.catedu.es\/musica\/wp-json\/wp\/v2\/posts\/416\/revisions"}],"predecessor-version":[{"id":424,"href":"https:\/\/ieselaios.catedu.es\/musica\/wp-json\/wp\/v2\/posts\/416\/revisions\/424"}],"wp:attachment":[{"href":"https:\/\/ieselaios.catedu.es\/musica\/wp-json\/wp\/v2\/media?parent=416"}],"wp:term":[{"taxonomy":"category","embeddable":true,"href":"https:\/\/ieselaios.catedu.es\/musica\/wp-json\/wp\/v2\/categories?post=416"},{"taxonomy":"post_tag","embeddable":true,"href":"https:\/\/ieselaios.catedu.es\/musica\/wp-json\/wp\/v2\/tags?post=416"}],"curies":[{"name":"wp","href":"https:\/\/api.w.org\/{rel}","templated":true}]}}