{"id":241,"date":"2017-05-15T18:49:20","date_gmt":"2017-05-15T16:49:20","guid":{"rendered":"http:\/\/ieselaios.catedu.es\/musica\/?p=241"},"modified":"2018-02-21T22:34:40","modified_gmt":"2018-02-21T20:34:40","slug":"el-elaios-con-distrito-danza-en-el-programa-de-utopias-educativas","status":"publish","type":"post","link":"https:\/\/ieselaios.catedu.es\/musica\/artes-escenicas\/el-elaios-con-distrito-danza-en-el-programa-de-utopias-educativas\/","title":{"rendered":"El \u00c9laios con Distrito Danza en el Programa de Utop\u00edas Educativas"},"content":{"rendered":"<p>El IES \u00c9laios participar\u00e1 en el V Encuentro de Experiencias de Innovaci\u00f3n en el aula \u00abUtop\u00edas Educativas\u00bb, el s\u00e1bado 27 de mayo a las 9h en el aula 4, presentando el proyecto \u00abDistrito Danza. Construyendo ciudades\u00bb, junto a Amador Castilla miembro del equipo TECAD del Centro de Danza. Nos acompa\u00f1ar\u00e1n en la exposici\u00f3n los alumnos de Artes Esc\u00e9nicas de 4\u00ba del instituto para contarnos en persona su propia experiencia como miembros activos del proyecto.<\/p>\n<p><a href=\"http:\/\/blog.utopiaseducativas.es\/?wysija-page=1&amp;controller=email&amp;action=view&amp;email_id=13&amp;wysijap=subscriptions&amp;user_id=1\">http:\/\/blog.utopiaseducativas.es\/?wysija-page=1&amp;controller=email&amp;action=view&amp;email_id=13&amp;wysijap=subscriptions&amp;user_id=1<\/a><\/p>\n<p><a href=\"http:\/\/ieselaios.catedu.es\/musica\/sin-categoria\/el-elaios-con-distrito-danza-en-el-programa-de-utopias-educativas\/attachment\/20170406_114653_opt\/\" rel=\"attachment wp-att-242\"><img loading=\"lazy\" decoding=\"async\" class=\"wp-image-242 aligncenter\" src=\"http:\/\/ieselaios.catedu.es\/musica\/wp-content\/uploads\/sites\/15\/2017\/05\/20170406_114653_opt-300x225.jpg\" alt=\"\" width=\"377\" height=\"283\" srcset=\"https:\/\/ieselaios.catedu.es\/musica\/wp-content\/uploads\/sites\/15\/2017\/05\/20170406_114653_opt-300x225.jpg 300w, https:\/\/ieselaios.catedu.es\/musica\/wp-content\/uploads\/sites\/15\/2017\/05\/20170406_114653_opt.jpg 400w\" sizes=\"auto, (max-width: 377px) 100vw, 377px\" \/><\/a><\/p>\n","protected":false},"excerpt":{"rendered":"<p>El IES \u00c9laios participar\u00e1 en el V Encuentro de Experiencias de Innovaci\u00f3n en el aula \u00abUtop\u00edas Educativas\u00bb, el s\u00e1bado 27 de mayo a las 9h en el aula 4, presentando el proyecto \u00abDistrito Danza. Construyendo ciudades\u00bb, junto a Amador Castilla miembro del equipo TECAD del Centro de Danza. Nos acompa\u00f1ar\u00e1n en la exposici\u00f3n los alumnos [&hellip;]<\/p>\n","protected":false},"author":45,"featured_media":0,"comment_status":"open","ping_status":"open","sticky":false,"template":"","format":"standard","meta":{"footnotes":""},"categories":[10,13,11],"tags":[],"class_list":["post-241","post","type-post","status-publish","format-standard","hentry","category-artes-escenicas","category-curso-16-17","category-extraescolares"],"_links":{"self":[{"href":"https:\/\/ieselaios.catedu.es\/musica\/wp-json\/wp\/v2\/posts\/241","targetHints":{"allow":["GET"]}}],"collection":[{"href":"https:\/\/ieselaios.catedu.es\/musica\/wp-json\/wp\/v2\/posts"}],"about":[{"href":"https:\/\/ieselaios.catedu.es\/musica\/wp-json\/wp\/v2\/types\/post"}],"author":[{"embeddable":true,"href":"https:\/\/ieselaios.catedu.es\/musica\/wp-json\/wp\/v2\/users\/45"}],"replies":[{"embeddable":true,"href":"https:\/\/ieselaios.catedu.es\/musica\/wp-json\/wp\/v2\/comments?post=241"}],"version-history":[{"count":2,"href":"https:\/\/ieselaios.catedu.es\/musica\/wp-json\/wp\/v2\/posts\/241\/revisions"}],"predecessor-version":[{"id":244,"href":"https:\/\/ieselaios.catedu.es\/musica\/wp-json\/wp\/v2\/posts\/241\/revisions\/244"}],"wp:attachment":[{"href":"https:\/\/ieselaios.catedu.es\/musica\/wp-json\/wp\/v2\/media?parent=241"}],"wp:term":[{"taxonomy":"category","embeddable":true,"href":"https:\/\/ieselaios.catedu.es\/musica\/wp-json\/wp\/v2\/categories?post=241"},{"taxonomy":"post_tag","embeddable":true,"href":"https:\/\/ieselaios.catedu.es\/musica\/wp-json\/wp\/v2\/tags?post=241"}],"curies":[{"name":"wp","href":"https:\/\/api.w.org\/{rel}","templated":true}]}}