{"id":207,"date":"2017-05-11T22:06:47","date_gmt":"2017-05-11T20:06:47","guid":{"rendered":"http:\/\/ieselaios.catedu.es\/musica\/?p=207"},"modified":"2018-02-21T22:38:55","modified_gmt":"2018-02-21T20:38:55","slug":"concierto-del-grupo-percusiones-del-csma","status":"publish","type":"post","link":"https:\/\/ieselaios.catedu.es\/musica\/extraescolares\/concierto-del-grupo-percusiones-del-csma\/","title":{"rendered":"Concierto del grupo Percusiones del CSMA"},"content":{"rendered":"<p>El 22 de marzo, los alumnos de la optativa \u00abHistoria de M\u00fasica y de la Danza\u00bb de 2\u00ba de Bachillerato y de la optativa \u00abM\u00fasica\u00bb de 4\u00ba, asistieron al concierto did\u00e1ctico ofrecido por el grupo de Percusiones del CSMA.\u00a0Una autentica clase magistral donde los alumnos descubrieron la gran familia de los instrumentos de percusi\u00f3n como marimbas, vibr\u00e1fonos, xil\u00f3fonos, glockenspiels o daikos japoneses&#8230; con ejemplos pr\u00e1cticos acerca de su t\u00e9cnica, empleo y sincronicidad con otras artes a trav\u00e9s de la m\u00fasica del genio musical J. S. Bach. El programa fue el siguiente:<\/p>\n<p>Programa:<\/p>\n<p><strong>Golberg variations . J.S.Bach \/\u00a0Aria y\u00a0Variaci\u00f3n 1<\/strong><\/p>\n<p><strong>Air from Orchestral Suite en D n\u00baIII<\/strong><\/p>\n<p><strong>\u00a0Gottes Zeit (actus tragicus) sonatina Kurtag<\/strong><\/p>\n<p><strong>\u00a0Brandenburgo n\u00ba2 F mayor J.S.Bach\u00a0<\/strong><\/p>\n<p><strong>Badinerie J.S.Bach\u00a0<\/strong><\/p>\n<p><strong>Orchestral Suite No.2 in B minor BWV 1067<\/strong><\/p>\n<p><strong>Ave maria J.S. Bach\/c. Gounod <\/strong><\/p>\n<p><strong>Preludio 1 para clavec\u00edn<\/strong><\/p>\n<p><strong>Chaconne J.S.Bach\/Busoni\u00a0<\/strong><\/p>\n<p><strong>Invenciones a dos voces<\/strong><\/p>\n<p><strong>Sicilienne J.S.Bach BWV 1031 \u00a0<\/strong><\/p>\n<p><strong>Contrapuntus IX \u2013 The Art of Fugue . J.S.Bach<\/strong><\/p>\n<p><strong>\u00a0Brandenburgo n\u00ba4 en G mayor BWV 1049 J.S.Bach Allegro<\/strong><\/p>\n<p>Todo un mundo de experimentaci\u00f3n, creatividad y sensaciones que pudimos disfrutar con mucho gusto.<\/p>\n","protected":false},"excerpt":{"rendered":"<p>El 22 de marzo, los alumnos de la optativa \u00abHistoria de M\u00fasica y de la Danza\u00bb de 2\u00ba de Bachillerato y de la optativa \u00abM\u00fasica\u00bb de 4\u00ba, asistieron al concierto did\u00e1ctico ofrecido por el grupo de Percusiones del CSMA.\u00a0Una autentica clase magistral donde los alumnos descubrieron la gran familia de los instrumentos de percusi\u00f3n como [&hellip;]<\/p>\n","protected":false},"author":45,"featured_media":0,"comment_status":"open","ping_status":"open","sticky":false,"template":"","format":"standard","meta":{"footnotes":""},"categories":[13,11],"tags":[],"class_list":["post-207","post","type-post","status-publish","format-standard","hentry","category-curso-16-17","category-extraescolares"],"_links":{"self":[{"href":"https:\/\/ieselaios.catedu.es\/musica\/wp-json\/wp\/v2\/posts\/207","targetHints":{"allow":["GET"]}}],"collection":[{"href":"https:\/\/ieselaios.catedu.es\/musica\/wp-json\/wp\/v2\/posts"}],"about":[{"href":"https:\/\/ieselaios.catedu.es\/musica\/wp-json\/wp\/v2\/types\/post"}],"author":[{"embeddable":true,"href":"https:\/\/ieselaios.catedu.es\/musica\/wp-json\/wp\/v2\/users\/45"}],"replies":[{"embeddable":true,"href":"https:\/\/ieselaios.catedu.es\/musica\/wp-json\/wp\/v2\/comments?post=207"}],"version-history":[{"count":1,"href":"https:\/\/ieselaios.catedu.es\/musica\/wp-json\/wp\/v2\/posts\/207\/revisions"}],"predecessor-version":[{"id":208,"href":"https:\/\/ieselaios.catedu.es\/musica\/wp-json\/wp\/v2\/posts\/207\/revisions\/208"}],"wp:attachment":[{"href":"https:\/\/ieselaios.catedu.es\/musica\/wp-json\/wp\/v2\/media?parent=207"}],"wp:term":[{"taxonomy":"category","embeddable":true,"href":"https:\/\/ieselaios.catedu.es\/musica\/wp-json\/wp\/v2\/categories?post=207"},{"taxonomy":"post_tag","embeddable":true,"href":"https:\/\/ieselaios.catedu.es\/musica\/wp-json\/wp\/v2\/tags?post=207"}],"curies":[{"name":"wp","href":"https:\/\/api.w.org\/{rel}","templated":true}]}}