{"id":1560,"date":"2021-03-28T13:37:02","date_gmt":"2021-03-28T12:37:02","guid":{"rendered":"http:\/\/ieselaios.catedu.es\/matematicas\/?p=1560"},"modified":"2021-03-28T14:33:18","modified_gmt":"2021-03-28T13:33:18","slug":"exposicion-les-femmes-mathematiciennes","status":"publish","type":"post","link":"https:\/\/ieselaios.catedu.es\/matematicas\/act-extraescolares\/exposicion-les-femmes-mathematiciennes\/","title":{"rendered":"EXPOSICI\u00d3N \u201cLES FEMMES MATH\u00c9MATICIENNES\u201d"},"content":{"rendered":"\n<p>Desde el viernes 26 de febrero hasta el jueves 18 de marzo de 2021, ha estado expuesta, en el hall del Centro, la exposici\u00f3n \u201cLes femmes math\u00e9maticiennes\u201d como aportaci\u00f3n del Departamento de Matem\u00e1ticas a la celebraci\u00f3n del 8 de marzo, d\u00eda internacional de la mujer. Dicha exposici\u00f3n fue elaborada por los alumnos de la secci\u00f3n biling\u00fce de 1\u00ba ESO B y C durante el curso 2018-2019.<\/p>\n<p>Se compone de 10 paneles dedicados a:<\/p>\n<ul>\n<li>HYPATIE D\u00b4ALEXANDRIE<\/li>\n<li>\u00c9MILIE DU CH\u00c2TELET<\/li>\n<li>MARY GAETANA AGNESI<\/li>\n<li>SOPHIE GERMAIN<\/li>\n<li>MARY SOMERVILLE<\/li>\n<li>ADA LOVELACE<\/li>\n<li>FLORENCE NIGHTINGALE<\/li>\n<li>SOFIA KOVALESKYA<\/li>\n<li>EMMY NOETHER<\/li>\n<li>MARY LUCY CARTWRIGHT<\/li>\n<\/ul>\n<p>Los alumnos de la secci\u00f3n biling\u00fce de 1\u00ba A y B de este curso 2020-21 han trabajado en grupos de tres dicha exposici\u00f3n, a manera de competici\u00f3n matem\u00e1tica, en base a un cuadernillo de preguntas sobre aspectos bibliogr\u00e1ficos, contribuci\u00f3n matem\u00e1tica, citas y an\u00e9cdotas de estas diez mujeres matem\u00e1ticas. Adem\u00e1s, el viernes 26 de marzo se resaltaron algunas de estas cuestiones en el grupo clase y se proclamaron los siguientes equipos ganadores:<\/p>\n<p><strong>En 1\u00ba A: Sof\u00eda Catediano, Mario Fandos e Irene Franco.<\/strong><\/p>\n<p><strong>En 1\u00ba B: Guillermo Gonzalo, Ra\u00fal Monta\u00f1\u00e9s y Beltr\u00e1n Vi\u00f1ado<\/strong>.<\/p>\n<p><a href=\"https:\/\/drive.google.com\/drive\/folders\/19HqZjqxTnSxrwhXFZ8o7s28uNuNabpe6?usp=sharing\">Mas im\u00e1genes<\/a><\/p>\n<div id='gallery-1' class='gallery galleryid-1560 gallery-columns-3 gallery-size-thumbnail'><figure class='gallery-item'>\n\t\t\t<div class='gallery-icon landscape'>\n\t\t\t\t<a href='https:\/\/ieselaios.catedu.es\/matematicas\/act-extraescolares\/exposicion-les-femmes-mathematiciennes\/attachment\/20210312_082846\/'><img loading=\"lazy\" decoding=\"async\" width=\"150\" height=\"150\" src=\"https:\/\/ieselaios.catedu.es\/matematicas\/wp-content\/uploads\/sites\/2\/2021\/03\/20210312_082846-150x150.jpg\" class=\"attachment-thumbnail size-thumbnail\" alt=\"\" \/><\/a>\n\t\t\t<\/div><\/figure><figure class='gallery-item'>\n\t\t\t<div class='gallery-icon landscape'>\n\t\t\t\t<a href='https:\/\/ieselaios.catedu.es\/matematicas\/act-extraescolares\/exposicion-les-femmes-mathematiciennes\/attachment\/20210312_090156\/'><img loading=\"lazy\" decoding=\"async\" width=\"150\" height=\"150\" src=\"https:\/\/ieselaios.catedu.es\/matematicas\/wp-content\/uploads\/sites\/2\/2021\/03\/20210312_090156-150x150.jpg\" class=\"attachment-thumbnail size-thumbnail\" alt=\"\" \/><\/a>\n\t\t\t<\/div><\/figure><figure class='gallery-item'>\n\t\t\t<div class='gallery-icon landscape'>\n\t\t\t\t<a href='https:\/\/ieselaios.catedu.es\/matematicas\/act-extraescolares\/exposicion-les-femmes-mathematiciennes\/attachment\/20210315_120808\/'><img loading=\"lazy\" decoding=\"async\" width=\"150\" height=\"150\" src=\"https:\/\/ieselaios.catedu.es\/matematicas\/wp-content\/uploads\/sites\/2\/2021\/03\/20210315_120808-150x150.jpg\" class=\"attachment-thumbnail size-thumbnail\" alt=\"\" \/><\/a>\n\t\t\t<\/div><\/figure><figure class='gallery-item'>\n\t\t\t<div class='gallery-icon landscape'>\n\t\t\t\t<a href='https:\/\/ieselaios.catedu.es\/matematicas\/act-extraescolares\/exposicion-les-femmes-mathematiciennes\/attachment\/20210315_145658\/'><img loading=\"lazy\" decoding=\"async\" width=\"150\" height=\"150\" src=\"https:\/\/ieselaios.catedu.es\/matematicas\/wp-content\/uploads\/sites\/2\/2021\/03\/20210315_145658-150x150.jpg\" class=\"attachment-thumbnail size-thumbnail\" alt=\"\" \/><\/a>\n\t\t\t<\/div><\/figure><figure class='gallery-item'>\n\t\t\t<div class='gallery-icon landscape'>\n\t\t\t\t<a href='https:\/\/ieselaios.catedu.es\/matematicas\/act-extraescolares\/exposicion-les-femmes-mathematiciennes\/attachment\/20210315_145710\/'><img loading=\"lazy\" decoding=\"async\" width=\"150\" height=\"150\" src=\"https:\/\/ieselaios.catedu.es\/matematicas\/wp-content\/uploads\/sites\/2\/2021\/03\/20210315_145710-150x150.jpg\" class=\"attachment-thumbnail size-thumbnail\" alt=\"\" \/><\/a>\n\t\t\t<\/div><\/figure><figure class='gallery-item'>\n\t\t\t<div class='gallery-icon landscape'>\n\t\t\t\t<a href='https:\/\/ieselaios.catedu.es\/matematicas\/act-extraescolares\/exposicion-les-femmes-mathematiciennes\/attachment\/20210315_145736\/'><img loading=\"lazy\" decoding=\"async\" width=\"150\" height=\"150\" src=\"https:\/\/ieselaios.catedu.es\/matematicas\/wp-content\/uploads\/sites\/2\/2021\/03\/20210315_145736-150x150.jpg\" class=\"attachment-thumbnail size-thumbnail\" alt=\"\" \/><\/a>\n\t\t\t<\/div><\/figure><figure class='gallery-item'>\n\t\t\t<div class='gallery-icon landscape'>\n\t\t\t\t<a href='https:\/\/ieselaios.catedu.es\/matematicas\/act-extraescolares\/exposicion-les-femmes-mathematiciennes\/attachment\/20210315_150703\/'><img loading=\"lazy\" decoding=\"async\" width=\"150\" height=\"150\" src=\"https:\/\/ieselaios.catedu.es\/matematicas\/wp-content\/uploads\/sites\/2\/2021\/03\/20210315_150703-150x150.jpg\" class=\"attachment-thumbnail size-thumbnail\" alt=\"\" \/><\/a>\n\t\t\t<\/div><\/figure><figure class='gallery-item'>\n\t\t\t<div class='gallery-icon landscape'>\n\t\t\t\t<a href='https:\/\/ieselaios.catedu.es\/matematicas\/act-extraescolares\/exposicion-les-femmes-mathematiciennes\/attachment\/20210315_151211\/'><img loading=\"lazy\" decoding=\"async\" width=\"150\" height=\"150\" src=\"https:\/\/ieselaios.catedu.es\/matematicas\/wp-content\/uploads\/sites\/2\/2021\/03\/20210315_151211-150x150.jpg\" class=\"attachment-thumbnail size-thumbnail\" alt=\"\" \/><\/a>\n\t\t\t<\/div><\/figure><figure class='gallery-item'>\n\t\t\t<div class='gallery-icon landscape'>\n\t\t\t\t<a href='https:\/\/ieselaios.catedu.es\/matematicas\/act-extraescolares\/exposicion-les-femmes-mathematiciennes\/attachment\/20210315_152153\/'><img loading=\"lazy\" decoding=\"async\" width=\"150\" height=\"150\" src=\"https:\/\/ieselaios.catedu.es\/matematicas\/wp-content\/uploads\/sites\/2\/2021\/03\/20210315_152153-150x150.jpg\" class=\"attachment-thumbnail size-thumbnail\" alt=\"\" \/><\/a>\n\t\t\t<\/div><\/figure>\n\t\t<\/div>\n\n","protected":false},"excerpt":{"rendered":"<p>Desde el viernes 26 de febrero hasta el jueves 18 de marzo de 2021, ha estado expuesta, en el hall del Centro, la exposici\u00f3n \u201cLes femmes math\u00e9maticiennes\u201d como aportaci\u00f3n del Departamento de Matem\u00e1ticas a la celebraci\u00f3n del 8 de marzo, d\u00eda internacional de la mujer. Dicha exposici\u00f3n fue elaborada por los alumnos de la secci\u00f3n [&hellip;]<\/p>\n","protected":false},"author":3,"featured_media":1569,"comment_status":"closed","ping_status":"closed","sticky":false,"template":"","format":"standard","meta":{"footnotes":""},"categories":[4,18,24],"tags":[],"class_list":["post-1560","post","type-post","status-publish","format-standard","has-post-thumbnail","hentry","category-act-extraescolares","category-concursos-y-premios","category-curso-20-21"],"_links":{"self":[{"href":"https:\/\/ieselaios.catedu.es\/matematicas\/wp-json\/wp\/v2\/posts\/1560","targetHints":{"allow":["GET"]}}],"collection":[{"href":"https:\/\/ieselaios.catedu.es\/matematicas\/wp-json\/wp\/v2\/posts"}],"about":[{"href":"https:\/\/ieselaios.catedu.es\/matematicas\/wp-json\/wp\/v2\/types\/post"}],"author":[{"embeddable":true,"href":"https:\/\/ieselaios.catedu.es\/matematicas\/wp-json\/wp\/v2\/users\/3"}],"replies":[{"embeddable":true,"href":"https:\/\/ieselaios.catedu.es\/matematicas\/wp-json\/wp\/v2\/comments?post=1560"}],"version-history":[{"count":5,"href":"https:\/\/ieselaios.catedu.es\/matematicas\/wp-json\/wp\/v2\/posts\/1560\/revisions"}],"predecessor-version":[{"id":1585,"href":"https:\/\/ieselaios.catedu.es\/matematicas\/wp-json\/wp\/v2\/posts\/1560\/revisions\/1585"}],"wp:featuredmedia":[{"embeddable":true,"href":"https:\/\/ieselaios.catedu.es\/matematicas\/wp-json\/wp\/v2\/media\/1569"}],"wp:attachment":[{"href":"https:\/\/ieselaios.catedu.es\/matematicas\/wp-json\/wp\/v2\/media?parent=1560"}],"wp:term":[{"taxonomy":"category","embeddable":true,"href":"https:\/\/ieselaios.catedu.es\/matematicas\/wp-json\/wp\/v2\/categories?post=1560"},{"taxonomy":"post_tag","embeddable":true,"href":"https:\/\/ieselaios.catedu.es\/matematicas\/wp-json\/wp\/v2\/tags?post=1560"}],"curies":[{"name":"wp","href":"https:\/\/api.w.org\/{rel}","templated":true}]}}