{"id":536,"date":"2021-06-09T09:21:53","date_gmt":"2021-06-09T09:21:53","guid":{"rendered":"http:\/\/ieselaios.catedu.es\/idiomas\/?p=536"},"modified":"2021-06-09T09:21:54","modified_gmt":"2021-06-09T09:21:54","slug":"le-projet-covid-technologie","status":"publish","type":"post","link":"https:\/\/ieselaios.catedu.es\/idiomas\/2021\/06\/09\/le-projet-covid-technologie\/","title":{"rendered":"LE PROJET COVID TECHNOLOGIE"},"content":{"rendered":"\n<div class=\"wp-block-group\"><div class=\"wp-block-group__inner-container is-layout-flow wp-block-group-is-layout-flow\">\n<p>Les \u00e9l\u00e8ves de Technologie 3\u00baESO ont particip\u00e9 dans le projet Covid du lyc\u00e9e. Ils ont developp\u00e9 un travail de recherche sur les \u00e9l\u00e9ments de protection COVID en les reliant avec les plastiques\u00a0 utilis\u00e9s pour sa fabrication.\u00a0<\/p>\n<p>F\u00e9licitations pour votre travail exceptionnel !!!!<\/p>\n<p>\u00a0<\/p>\n<\/div><\/div>\n\n\n\n<p><img loading=\"lazy\" decoding=\"async\" class=\"alignnone size-full wp-image-537\" src=\"http:\/\/ieselaios.catedu.es\/idiomas\/wp-content\/uploads\/sites\/35\/2021\/06\/covid-projet-scaled.jpg\" alt=\"\" width=\"2560\" height=\"956\" srcset=\"https:\/\/ieselaios.catedu.es\/idiomas\/wp-content\/uploads\/sites\/35\/2021\/06\/covid-projet-scaled.jpg 2560w, https:\/\/ieselaios.catedu.es\/idiomas\/wp-content\/uploads\/sites\/35\/2021\/06\/covid-projet-300x112.jpg 300w, https:\/\/ieselaios.catedu.es\/idiomas\/wp-content\/uploads\/sites\/35\/2021\/06\/covid-projet-1024x383.jpg 1024w, https:\/\/ieselaios.catedu.es\/idiomas\/wp-content\/uploads\/sites\/35\/2021\/06\/covid-projet-768x287.jpg 768w, https:\/\/ieselaios.catedu.es\/idiomas\/wp-content\/uploads\/sites\/35\/2021\/06\/covid-projet-1536x574.jpg 1536w, https:\/\/ieselaios.catedu.es\/idiomas\/wp-content\/uploads\/sites\/35\/2021\/06\/covid-projet-2048x765.jpg 2048w\" sizes=\"auto, (max-width: 2560px) 100vw, 2560px\" \/><\/p>\n","protected":false},"excerpt":{"rendered":"<p>Les \u00e9l\u00e8ves de Technologie 3\u00baESO ont particip\u00e9 dans le projet Covid du lyc\u00e9e. Ils ont developp\u00e9 un travail de recherche sur les \u00e9l\u00e9ments de protection COVID en les reliant avec les plastiques\u00a0 utilis\u00e9s pour sa fabrication.\u00a0 F\u00e9licitations pour votre travail exceptionnel !!!! \u00a0<\/p>\n","protected":false},"author":7,"featured_media":0,"comment_status":"closed","ping_status":"closed","sticky":false,"template":"","format":"standard","meta":{"footnotes":""},"categories":[1],"tags":[],"class_list":["post-536","post","type-post","status-publish","format-standard","hentry","category-sin-categoria"],"_links":{"self":[{"href":"https:\/\/ieselaios.catedu.es\/idiomas\/wp-json\/wp\/v2\/posts\/536","targetHints":{"allow":["GET"]}}],"collection":[{"href":"https:\/\/ieselaios.catedu.es\/idiomas\/wp-json\/wp\/v2\/posts"}],"about":[{"href":"https:\/\/ieselaios.catedu.es\/idiomas\/wp-json\/wp\/v2\/types\/post"}],"author":[{"embeddable":true,"href":"https:\/\/ieselaios.catedu.es\/idiomas\/wp-json\/wp\/v2\/users\/7"}],"replies":[{"embeddable":true,"href":"https:\/\/ieselaios.catedu.es\/idiomas\/wp-json\/wp\/v2\/comments?post=536"}],"version-history":[{"count":1,"href":"https:\/\/ieselaios.catedu.es\/idiomas\/wp-json\/wp\/v2\/posts\/536\/revisions"}],"predecessor-version":[{"id":538,"href":"https:\/\/ieselaios.catedu.es\/idiomas\/wp-json\/wp\/v2\/posts\/536\/revisions\/538"}],"wp:attachment":[{"href":"https:\/\/ieselaios.catedu.es\/idiomas\/wp-json\/wp\/v2\/media?parent=536"}],"wp:term":[{"taxonomy":"category","embeddable":true,"href":"https:\/\/ieselaios.catedu.es\/idiomas\/wp-json\/wp\/v2\/categories?post=536"},{"taxonomy":"post_tag","embeddable":true,"href":"https:\/\/ieselaios.catedu.es\/idiomas\/wp-json\/wp\/v2\/tags?post=536"}],"curies":[{"name":"wp","href":"https:\/\/api.w.org\/{rel}","templated":true}]}}