{"id":1262,"date":"2019-09-18T08:43:39","date_gmt":"2019-09-18T07:43:39","guid":{"rendered":"http:\/\/ieselaios.catedu.es\/fisicayquimica\/?p=1262"},"modified":"2019-09-18T10:23:43","modified_gmt":"2019-09-18T09:23:43","slug":"la-noche-de-investigadores","status":"publish","type":"post","link":"https:\/\/ieselaios.catedu.es\/fisicayquimica\/sin-categoria\/la-noche-de-investigadores\/","title":{"rendered":"La ciencia sale del laboratorio."},"content":{"rendered":"<p><a href=\"http:\/\/ieselaios.catedu.es\/fisicayquimica\/wp-content\/uploads\/sites\/8\/2019\/09\/Investig.png\"><img loading=\"lazy\" decoding=\"async\" class=\"wp-image-1263 alignleft\" src=\"http:\/\/ieselaios.catedu.es\/fisicayquimica\/wp-content\/uploads\/sites\/8\/2019\/09\/Investig.png\" alt=\"\" width=\"228\" height=\"119\" srcset=\"https:\/\/ieselaios.catedu.es\/fisicayquimica\/wp-content\/uploads\/sites\/8\/2019\/09\/Investig.png 534w, https:\/\/ieselaios.catedu.es\/fisicayquimica\/wp-content\/uploads\/sites\/8\/2019\/09\/Investig-300x157.png 300w\" sizes=\"auto, (max-width: 228px) 100vw, 228px\" \/><\/a>El\u00a0 viernes 26 de septiembre se celebra en muchas ciudades europeas\u00a0 \u00abLa noche de los investigadores\u00bb.\u00a0 En Zaragoza, desde las cuatro de la tarde hasta las doce de la noche, diversas propuestas en varios espacios acercan el trabajo de los cient\u00edficos a los ciudadanos de a pie.\u00a0 Espect\u00e1culos, charlas , talleres&#8230; En los museos, en la calle, en bares o cafeter\u00edas&#8230;\u00a0 Una oportunidad para aprender ciencia, conocer a los cient\u00edficos y divertirse.\u00a0 En la <a href=\"http:\/\/lanochedelosinvestigadores.esciencia.es\/\">p\u00e1gina<\/a> de la organizaci\u00f3n se puede encontrar toda la informaci\u00f3n as\u00ed como la forma de inscribirse en algunas activades.<\/p>\n<p>Adem\u00e1s, estes fin de semana, se puede abrir boca explorando las relaciones entre ciencia y arte.\u00a0 Dos actividades aplican la nanociencia a la acci\u00f3n o creaci\u00f3n art\u00edstica.\u00a0 Todo ello dentro del \u00ab<a href=\"http:\/\/www.unizar.es\/actualidad\/vernoticia_ng.php?id=50063\">Festival Asalto 2019&#8243;<\/a>.<\/p>\n<p>\u00a1\u00a1Os animamos a participar!!<\/p>\n","protected":false},"excerpt":{"rendered":"<p>El\u00a0 viernes 26 de septiembre se celebra en muchas ciudades europeas\u00a0 \u00abLa noche de los investigadores\u00bb.\u00a0 En Zaragoza, desde las cuatro de la tarde hasta las doce de la noche, diversas propuestas en varios espacios acercan el trabajo de los cient\u00edficos a los ciudadanos de a pie.\u00a0 Espect\u00e1culos, charlas , talleres&#8230; En los museos, en [&hellip;]<\/p>\n","protected":false},"author":17,"featured_media":0,"comment_status":"closed","ping_status":"open","sticky":false,"template":"","format":"standard","meta":{"footnotes":""},"categories":[1],"tags":[],"class_list":["post-1262","post","type-post","status-publish","format-standard","hentry","category-sin-categoria"],"_links":{"self":[{"href":"https:\/\/ieselaios.catedu.es\/fisicayquimica\/wp-json\/wp\/v2\/posts\/1262","targetHints":{"allow":["GET"]}}],"collection":[{"href":"https:\/\/ieselaios.catedu.es\/fisicayquimica\/wp-json\/wp\/v2\/posts"}],"about":[{"href":"https:\/\/ieselaios.catedu.es\/fisicayquimica\/wp-json\/wp\/v2\/types\/post"}],"author":[{"embeddable":true,"href":"https:\/\/ieselaios.catedu.es\/fisicayquimica\/wp-json\/wp\/v2\/users\/17"}],"replies":[{"embeddable":true,"href":"https:\/\/ieselaios.catedu.es\/fisicayquimica\/wp-json\/wp\/v2\/comments?post=1262"}],"version-history":[{"count":4,"href":"https:\/\/ieselaios.catedu.es\/fisicayquimica\/wp-json\/wp\/v2\/posts\/1262\/revisions"}],"predecessor-version":[{"id":1269,"href":"https:\/\/ieselaios.catedu.es\/fisicayquimica\/wp-json\/wp\/v2\/posts\/1262\/revisions\/1269"}],"wp:attachment":[{"href":"https:\/\/ieselaios.catedu.es\/fisicayquimica\/wp-json\/wp\/v2\/media?parent=1262"}],"wp:term":[{"taxonomy":"category","embeddable":true,"href":"https:\/\/ieselaios.catedu.es\/fisicayquimica\/wp-json\/wp\/v2\/categories?post=1262"},{"taxonomy":"post_tag","embeddable":true,"href":"https:\/\/ieselaios.catedu.es\/fisicayquimica\/wp-json\/wp\/v2\/tags?post=1262"}],"curies":[{"name":"wp","href":"https:\/\/api.w.org\/{rel}","templated":true}]}}